{"id":2914,"date":"2025-06-26T17:09:00","date_gmt":"2025-06-26T16:09:00","guid":{"rendered":"https:\/\/canmasdeu.net\/?p=2914"},"modified":"2025-06-26T17:10:58","modified_gmt":"2025-06-26T16:10:58","slug":"encuentro-mediterraneo-por-la-justicia-climatica-sab-dom-27-28-juny-2025","status":"publish","type":"post","link":"https:\/\/canmasdeu.net\/ca\/encuentro-mediterraneo-por-la-justicia-climatica-sab-dom-27-28-juny-2025\/","title":{"rendered":"Encuentro Mediterr\u00e1neo por la Justicia Clim\u00e1tica &#8211; Sab &#038; Dom 28, 29 Juny 2025"},"content":{"rendered":"<p><a href=\"http:\/\/canmasdeu.net\/wp-content\/uploads\/2025\/06\/WhatsApp-Image-2025-06-26-at-17.46.23.jpeg\"><img loading=\"lazy\" decoding=\"async\" class=\"alignleft size-medium wp-image-2915\" src=\"http:\/\/canmasdeu.net\/wp-content\/uploads\/2025\/06\/WhatsApp-Image-2025-06-26-at-17.46.23-240x300.jpeg\" alt=\"\" width=\"240\" height=\"300\" srcset=\"https:\/\/canmasdeu.net\/wp-content\/uploads\/2025\/06\/WhatsApp-Image-2025-06-26-at-17.46.23-240x300.jpeg 240w, https:\/\/canmasdeu.net\/wp-content\/uploads\/2025\/06\/WhatsApp-Image-2025-06-26-at-17.46.23-819x1024.jpeg 819w, https:\/\/canmasdeu.net\/wp-content\/uploads\/2025\/06\/WhatsApp-Image-2025-06-26-at-17.46.23-768x960.jpeg 768w, https:\/\/canmasdeu.net\/wp-content\/uploads\/2025\/06\/WhatsApp-Image-2025-06-26-at-17.46.23-10x12.jpeg 10w, https:\/\/canmasdeu.net\/wp-content\/uploads\/2025\/06\/WhatsApp-Image-2025-06-26-at-17.46.23.jpeg 1024w\" sizes=\"auto, (max-width: 240px) 100vw, 240px\" \/><\/a> <a href=\"http:\/\/canmasdeu.net\/wp-content\/uploads\/2025\/06\/WhatsApp-Image-2025-06-26-at-17.46.24-1.jpeg\"><img loading=\"lazy\" decoding=\"async\" class=\"alignleft size-medium wp-image-2916\" src=\"http:\/\/canmasdeu.net\/wp-content\/uploads\/2025\/06\/WhatsApp-Image-2025-06-26-at-17.46.24-1-240x300.jpeg\" alt=\"\" width=\"240\" height=\"300\" srcset=\"https:\/\/canmasdeu.net\/wp-content\/uploads\/2025\/06\/WhatsApp-Image-2025-06-26-at-17.46.24-1-240x300.jpeg 240w, https:\/\/canmasdeu.net\/wp-content\/uploads\/2025\/06\/WhatsApp-Image-2025-06-26-at-17.46.24-1-819x1024.jpeg 819w, https:\/\/canmasdeu.net\/wp-content\/uploads\/2025\/06\/WhatsApp-Image-2025-06-26-at-17.46.24-1-768x960.jpeg 768w, https:\/\/canmasdeu.net\/wp-content\/uploads\/2025\/06\/WhatsApp-Image-2025-06-26-at-17.46.24-1-10x12.jpeg 10w, https:\/\/canmasdeu.net\/wp-content\/uploads\/2025\/06\/WhatsApp-Image-2025-06-26-at-17.46.24-1.jpeg 1024w\" sizes=\"auto, (max-width: 240px) 100vw, 240px\" \/><\/a> <a href=\"http:\/\/canmasdeu.net\/wp-content\/uploads\/2025\/06\/WhatsApp-Image-2025-06-26-at-17.46.24-2.jpeg\"><img loading=\"lazy\" decoding=\"async\" class=\"alignleft size-medium wp-image-2917\" src=\"http:\/\/canmasdeu.net\/wp-content\/uploads\/2025\/06\/WhatsApp-Image-2025-06-26-at-17.46.24-2-240x300.jpeg\" alt=\"\" width=\"240\" height=\"300\" srcset=\"https:\/\/canmasdeu.net\/wp-content\/uploads\/2025\/06\/WhatsApp-Image-2025-06-26-at-17.46.24-2-240x300.jpeg 240w, https:\/\/canmasdeu.net\/wp-content\/uploads\/2025\/06\/WhatsApp-Image-2025-06-26-at-17.46.24-2-819x1024.jpeg 819w, https:\/\/canmasdeu.net\/wp-content\/uploads\/2025\/06\/WhatsApp-Image-2025-06-26-at-17.46.24-2-768x960.jpeg 768w, https:\/\/canmasdeu.net\/wp-content\/uploads\/2025\/06\/WhatsApp-Image-2025-06-26-at-17.46.24-2-10x12.jpeg 10w, https:\/\/canmasdeu.net\/wp-content\/uploads\/2025\/06\/WhatsApp-Image-2025-06-26-at-17.46.24-2.jpeg 1024w\" sizes=\"auto, (max-width: 240px) 100vw, 240px\" \/><\/a><a href=\"http:\/\/canmasdeu.net\/wp-content\/uploads\/2025\/06\/WhatsApp-Image-2025-06-26-at-17.46.24.jpeg\"><img loading=\"lazy\" decoding=\"async\" class=\"alignleft size-medium wp-image-2918\" src=\"http:\/\/canmasdeu.net\/wp-content\/uploads\/2025\/06\/WhatsApp-Image-2025-06-26-at-17.46.24-240x300.jpeg\" alt=\"\" width=\"240\" height=\"300\" srcset=\"https:\/\/canmasdeu.net\/wp-content\/uploads\/2025\/06\/WhatsApp-Image-2025-06-26-at-17.46.24-240x300.jpeg 240w, https:\/\/canmasdeu.net\/wp-content\/uploads\/2025\/06\/WhatsApp-Image-2025-06-26-at-17.46.24-819x1024.jpeg 819w, https:\/\/canmasdeu.net\/wp-content\/uploads\/2025\/06\/WhatsApp-Image-2025-06-26-at-17.46.24-768x960.jpeg 768w, https:\/\/canmasdeu.net\/wp-content\/uploads\/2025\/06\/WhatsApp-Image-2025-06-26-at-17.46.24-10x12.jpeg 10w, https:\/\/canmasdeu.net\/wp-content\/uploads\/2025\/06\/WhatsApp-Image-2025-06-26-at-17.46.24.jpeg 1024w\" sizes=\"auto, (max-width: 240px) 100vw, 240px\" \/><\/a><\/p>\n<p>x\ud83e\uddff\u00a1El 2.\u00ba Encuentro Mediterr\u00e1neo por la Justicia Clim\u00e1tica comienza ma\u00f1ana! \ud83e\uddff<\/p>\n<p>\u00danate a nosotras durante 3 d\u00edas de debates cr\u00edticos entretejidos con m\u00fasica, gastronom\u00eda y colaboraciones art\u00edsticas para cocrear y descubrir: \u00bfc\u00f3mo materializamos estas orientaciones en nuestros movimientos actuales? \u00bfC\u00f3mo ubicamos nuestras luchas, nuestras soluciones y nuestras responsabilidades en el contexto de una red biorregional m\u00e1s amplia?<\/p>\n<p>Apuntante Aqui : https:\/\/shorturl.at\/fBu0C<\/p>\n<p>o sumate al equipo de voluntarias: https:\/\/shorturl.at\/QQG6M<\/p>\n<p>Programa completa: https:\/\/www.instagram.com\/p\/DLVOJfTiK4o\/?igsh=OG5kbWk5ZzI2Z2ww<br \/>\n_Por favor, traen un objeto y una historia que representen su relaci\u00f3n con el Mediterr\u00e1neo. _<\/p>\n<p>_Los ni\u00f1os son bienvenidos y se les anima a acompa\u00f1arnos en el encuentro. Tendremos espacios para el cuidado infantil tanto el s\u00e1bado como el domingo._<\/p>","protected":false},"excerpt":{"rendered":"<p>x\ud83e\uddff\u00a1El 2.\u00ba Encuentro Mediterr\u00e1neo por la Justicia Clim\u00e1tica comienza ma\u00f1ana! \ud83e\uddff \u00danate a nosotras durante 3 d\u00edas de debates cr\u00edticos entretejidos con m\u00fasica, gastronom\u00eda y colaboraciones art\u00edsticas para cocrear y descubrir: \u00bfc\u00f3mo materializamos estas orientaciones en nuestros movimientos actuales? \u00bfC\u00f3mo ubicamos nuestras luchas, nuestras soluciones y nuestras responsabilidades en el contexto de una red biorregional [&hellip;]<\/p>\n","protected":false},"author":1,"featured_media":2915,"comment_status":"closed","ping_status":"open","sticky":false,"template":"","format":"standard","meta":{"_uag_custom_page_level_css":"","cybocfi_hide_featured_image":"","footnotes":""},"categories":[1],"tags":[],"class_list":["post-2914","post","type-post","status-publish","format-standard","has-post-thumbnail","hentry","category-general"],"uagb_featured_image_src":{"full":["https:\/\/canmasdeu.net\/wp-content\/uploads\/2025\/06\/WhatsApp-Image-2025-06-26-at-17.46.23.jpeg",1024,1280,false],"thumbnail":["https:\/\/canmasdeu.net\/wp-content\/uploads\/2025\/06\/WhatsApp-Image-2025-06-26-at-17.46.23-150x150.jpeg",150,150,true],"medium":["https:\/\/canmasdeu.net\/wp-content\/uploads\/2025\/06\/WhatsApp-Image-2025-06-26-at-17.46.23-240x300.jpeg",240,300,true],"medium_large":["https:\/\/canmasdeu.net\/wp-content\/uploads\/2025\/06\/WhatsApp-Image-2025-06-26-at-17.46.23-768x960.jpeg",768,960,true],"large":["https:\/\/canmasdeu.net\/wp-content\/uploads\/2025\/06\/WhatsApp-Image-2025-06-26-at-17.46.23-819x1024.jpeg",819,1024,true],"1536x1536":["https:\/\/canmasdeu.net\/wp-content\/uploads\/2025\/06\/WhatsApp-Image-2025-06-26-at-17.46.23.jpeg",1024,1280,false],"2048x2048":["https:\/\/canmasdeu.net\/wp-content\/uploads\/2025\/06\/WhatsApp-Image-2025-06-26-at-17.46.23.jpeg",1024,1280,false],"trp-custom-language-flag":["https:\/\/canmasdeu.net\/wp-content\/uploads\/2025\/06\/WhatsApp-Image-2025-06-26-at-17.46.23-10x12.jpeg",10,12,true]},"uagb_author_info":{"display_name":"Admin \ud83e\ude84","author_link":"https:\/\/canmasdeu.net\/ca\/author\/canmasdeu42\/"},"uagb_comment_info":0,"uagb_excerpt":"x\ud83e\uddff\u00a1El 2.\u00ba Encuentro Mediterr\u00e1neo por la Justicia Clim\u00e1tica comienza ma\u00f1ana! \ud83e\uddff \u00danate a nosotras durante 3 d\u00edas de debates cr\u00edticos entretejidos con m\u00fasica, gastronom\u00eda y colaboraciones art\u00edsticas para cocrear y descubrir: \u00bfc\u00f3mo materializamos estas orientaciones en nuestros movimientos actuales? \u00bfC\u00f3mo ubicamos nuestras luchas, nuestras soluciones y nuestras responsabilidades en el contexto de una red biorregional&hellip;","_links":{"self":[{"href":"https:\/\/canmasdeu.net\/ca\/wp-json\/wp\/v2\/posts\/2914","targetHints":{"allow":["GET"]}}],"collection":[{"href":"https:\/\/canmasdeu.net\/ca\/wp-json\/wp\/v2\/posts"}],"about":[{"href":"https:\/\/canmasdeu.net\/ca\/wp-json\/wp\/v2\/types\/post"}],"author":[{"embeddable":true,"href":"https:\/\/canmasdeu.net\/ca\/wp-json\/wp\/v2\/users\/1"}],"replies":[{"embeddable":true,"href":"https:\/\/canmasdeu.net\/ca\/wp-json\/wp\/v2\/comments?post=2914"}],"version-history":[{"count":6,"href":"https:\/\/canmasdeu.net\/ca\/wp-json\/wp\/v2\/posts\/2914\/revisions"}],"predecessor-version":[{"id":2924,"href":"https:\/\/canmasdeu.net\/ca\/wp-json\/wp\/v2\/posts\/2914\/revisions\/2924"}],"wp:featuredmedia":[{"embeddable":true,"href":"https:\/\/canmasdeu.net\/ca\/wp-json\/wp\/v2\/media\/2915"}],"wp:attachment":[{"href":"https:\/\/canmasdeu.net\/ca\/wp-json\/wp\/v2\/media?parent=2914"}],"wp:term":[{"taxonomy":"category","embeddable":true,"href":"https:\/\/canmasdeu.net\/ca\/wp-json\/wp\/v2\/categories?post=2914"},{"taxonomy":"post_tag","embeddable":true,"href":"https:\/\/canmasdeu.net\/ca\/wp-json\/wp\/v2\/tags?post=2914"}],"curies":[{"name":"wp","href":"https:\/\/api.w.org\/{rel}","templated":true}]}}